{"id":684,"date":"2026-03-31T14:20:00","date_gmt":"2026-03-31T12:20:00","guid":{"rendered":"https:\/\/socio.mk\/?p=684"},"modified":"2026-08-06T14:22:37","modified_gmt":"2026-08-06T12:22:37","slug":"nga-angazhimet-deklarative-drejt-politikave-lokale-vertet-te-pergjegjshme-gjinore-video","status":"publish","type":"post","link":"https:\/\/socio.mk\/en\/%d0%bc%d0%b5%d0%b4%d0%b8%d1%98%d0%b0\/nga-angazhimet-deklarative-drejt-politikave-lokale-vertet-te-pergjegjshme-gjinore-video\/","title":{"rendered":"Nga angazhimet deklarative drejt politikave lokale v\u00ebrtet t\u00eb p\u00ebrgjegjshme gjinore &#8211; video"},"content":{"rendered":"<p class=\"wp-block-paragraph\"><img decoding=\"async\" height=\"16\" width=\"16\" alt=\"\u2757\" src=\"https:\/\/static.xx.fbcdn.net\/images\/emoji.php\/v9\/t50\/1\/16\/2757.png\">\u00cbsht\u00eb e nevojshme t\u00eb kalojm\u00eb nga nj\u00eb qasje deklarative drejt nj\u00eb qasjeje reale, gjinore t\u00eb p\u00ebrgjegjshme dhe intersekcionale n\u00eb politikat lokale.<\/p>\n\n\n\n<p class=\"wp-block-paragraph\">Kjo n\u00ebnkupton:<\/p>\n\n\n\n<p class=\"wp-block-paragraph\"><img decoding=\"async\" height=\"16\" width=\"16\" alt=\"\u2714\ufe0f\" src=\"https:\/\/static.xx.fbcdn.net\/images\/emoji.php\/v9\/t51\/1\/16\/2714.png\"> mbledhjen dhe analiz\u00ebn e t\u00eb dh\u00ebnave t\u00eb ndara sipas gjinis\u00eb<\/p>\n\n\n\n<p class=\"wp-block-paragraph\"><img decoding=\"async\" height=\"16\" width=\"16\" alt=\"\u2714\ufe0f\" src=\"https:\/\/static.xx.fbcdn.net\/images\/emoji.php\/v9\/t51\/1\/16\/2714.png\"> forcimin e kapaciteteve institucionale<\/p>\n\n\n\n<p class=\"wp-block-paragraph\"><img decoding=\"async\" height=\"16\" width=\"16\" alt=\"\u2714\ufe0f\" src=\"https:\/\/static.xx.fbcdn.net\/images\/emoji.php\/v9\/t51\/1\/16\/2714.png\"> integrimin e perspektiv\u00ebs gjinore n\u00eb buxhete<\/p>\n\n\n\n<p class=\"wp-block-paragraph\"><img decoding=\"async\" height=\"16\" width=\"16\" alt=\"\u2714\ufe0f\" src=\"https:\/\/static.xx.fbcdn.net\/images\/emoji.php\/v9\/t51\/1\/16\/2714.png\"> masa konkrete p\u00ebr grat\u00eb dhe vajzat n\u00eb forma t\u00eb shum\u00ebfishta t\u00eb cenueshm\u00ebris\u00eb<\/p>\n\n\n\n<p class=\"wp-block-paragraph\"><img decoding=\"async\" height=\"16\" width=\"16\" alt=\"\ud83c\udfaf\" src=\"https:\/\/static.xx.fbcdn.net\/images\/emoji.php\/v9\/tb0\/1\/16\/1f3af.png\"> Q\u00ebllimi \u00ebsht\u00eb i qart\u00eb \u2013 qasje e drejt\u00eb dhe e barabart\u00eb n\u00eb sh\u00ebrbimet publike p\u00ebr t\u00eb gjith\u00eb qytetar\u00ebt n\u00eb komun\u00ebn e Gostivarit.<\/p>\n\n\n\n<p class=\"wp-block-paragraph\"><img loading=\"lazy\" decoding=\"async\" height=\"16\" width=\"16\" alt=\"\ud83d\udc49\" src=\"https:\/\/static.xx.fbcdn.net\/images\/emoji.php\/v9\/t51\/1\/16\/1f449.png\"> Shikoni videon e shkurt\u00ebr me gjetjet kryesore nga Analiza gjinore dhe intersekcionale e politikave, programeve dhe sh\u00ebrbimeve n\u00eb fushat e arsimit, sh\u00ebndet\u00ebsis\u00eb dhe mbrojtjes sociale n\u00eb komun\u00ebn e Gostivarit.<\/p>\n\n\n\n<p class=\"wp-block-paragraph\">Analiza \u00ebsht\u00eb p\u00ebrgatitur n\u00eb kuad\u00ebr t\u00eb n\u00ebn-grantit \u201cMund\u00ebsi t\u00eb barabarta p\u00ebr t\u00eb gjith\u00eb: Politika lokale me integrim gjinor\u201d, i cili zbatohet n\u00eb kuad\u00ebr t\u00eb projektit \u201cNga t\u00eb pavet\u00ebdijsh\u00ebm p\u00ebr dallimet drejt komuniteteve lokale transformuese q\u00eb njohin diversitetin dhe barazin\u00eb gjith\u00ebp\u00ebrfshir\u00ebse\u201d, i implementuar nga Aleanca \u2013 K\u00ebshilli Komb\u00ebtar p\u00ebr Barazi Gjinore, n\u00eb partneritet me Polio Plus \u2013 L\u00ebvizja kund\u00ebr hendikepit dhe Asociacioni p\u00ebr Iniciativa Demokratike (ADI), dhe i financuar nga Delegacioni i Bashkimit Evropian n\u00eb Republik\u00ebn e Maqedonis\u00eb s\u00eb Veriut.<\/p>\n\n\n\n<p class=\"wp-block-paragraph\">P\u00ebrmbajtja e analiz\u00ebs \u00ebsht\u00eb p\u00ebrgjegj\u00ebsi ekskluzive e SOCIO dhe autorit dhe n\u00eb asnj\u00eb rrethan\u00eb nuk mund t\u00eb konsiderohet se pasqyron q\u00ebndrimet e Bashkimit Evropian.<\/p>\n\n\n\n<p class=\"wp-block-paragraph\">\u25b7Watch on Facebook: <a href=\"https:\/\/www.facebook.com\/reel\/1253366589777418\">https:\/\/www.facebook.com\/reel\/1253366589777418<\/a><\/p>","protected":false},"excerpt":{"rendered":"<p>\u00cbsht\u00eb e nevojshme t\u00eb kalojm\u00eb nga nj\u00eb qasje deklarative drejt nj\u00eb qasjeje reale, gjinore t\u00eb p\u00ebrgjegjshme dhe intersekcionale n\u00eb politikat lokale. Kjo n\u00ebnkupton: mbledhjen dhe analiz\u00ebn e t\u00eb dh\u00ebnave t\u00eb ndara sipas gjinis\u00eb forcimin e kapaciteteve institucionale integrimin e perspektiv\u00ebs gjinore n\u00eb buxhete masa konkrete p\u00ebr grat\u00eb dhe vajzat n\u00eb forma t\u00eb shum\u00ebfishta t\u00eb cenueshm\u00ebris\u00eb [&hellip;]<\/p>\n","protected":false},"author":1,"featured_media":0,"comment_status":"open","ping_status":"closed","sticky":false,"template":"","format":"standard","meta":{"footnotes":""},"categories":[8],"tags":[],"class_list":["post-684","post","type-post","status-publish","format-standard","hentry","category-8"],"_links":{"self":[{"href":"https:\/\/socio.mk\/en\/wp-json\/wp\/v2\/posts\/684","targetHints":{"allow":["GET"]}}],"collection":[{"href":"https:\/\/socio.mk\/en\/wp-json\/wp\/v2\/posts"}],"about":[{"href":"https:\/\/socio.mk\/en\/wp-json\/wp\/v2\/types\/post"}],"author":[{"embeddable":true,"href":"https:\/\/socio.mk\/en\/wp-json\/wp\/v2\/users\/1"}],"replies":[{"embeddable":true,"href":"https:\/\/socio.mk\/en\/wp-json\/wp\/v2\/comments?post=684"}],"version-history":[{"count":1,"href":"https:\/\/socio.mk\/en\/wp-json\/wp\/v2\/posts\/684\/revisions"}],"predecessor-version":[{"id":685,"href":"https:\/\/socio.mk\/en\/wp-json\/wp\/v2\/posts\/684\/revisions\/685"}],"wp:attachment":[{"href":"https:\/\/socio.mk\/en\/wp-json\/wp\/v2\/media?parent=684"}],"wp:term":[{"taxonomy":"category","embeddable":true,"href":"https:\/\/socio.mk\/en\/wp-json\/wp\/v2\/categories?post=684"},{"taxonomy":"post_tag","embeddable":true,"href":"https:\/\/socio.mk\/en\/wp-json\/wp\/v2\/tags?post=684"}],"curies":[{"name":"wp","href":"https:\/\/api.w.org\/{rel}","templated":true}]}}